{"id":801,"date":"2024-10-10T21:46:26","date_gmt":"2024-10-10T19:46:26","guid":{"rendered":"http:\/\/dfvg.grafrath-staedtepartner.de\/?p=801"},"modified":"2024-10-10T21:46:26","modified_gmt":"2024-10-10T19:46:26","slug":"80-jahrestag-der-befreiung-feiern-in-lyons-la-foret","status":"publish","type":"post","link":"https:\/\/dfvg.grafrath-staedtepartner.de\/?p=801","title":{"rendered":"80. Jahrestag der Befreiung &#8211; Feiern in Lyons-La-Foret"},"content":{"rendered":"<p>Der B\u00fcrgermeister unserer Partnergemeinde Lyons la- Foret hat den B\u00fcrgermeister von<\/p>\n<p><img loading=\"lazy\" decoding=\"async\" class=\" wp-image-803\" src=\"http:\/\/dfvg.grafrath-staedtepartner.de\/wp-content\/uploads\/2024\/10\/IMG-20240831-WA0000.jpg\" alt=\"\" width=\"200\" height=\"283\" \/><\/p>\n<p>Grafrath, sowie die beiden Vorsitzenden des Deutsch- Franz\u00f6sischen Vereins Grafrath, zu den Feierlichkeiten zum 80. Jahrestag der Befreiung eingeladen.Wir haben diese Einladung nach langem \u00dcberlegen gerne aber mit einem flauen Gef\u00fchl im Magen angenommen. Immerhin sind insbesondere zu Zeiten der Invasion 1944 in dieser Gegend eine Reihe von Gr\u00e4ueltaten ver\u00fcbt worden. Diese Einladung aber war auch ein Zeichen daf\u00fcr, dass die alten Wunden inzwischen weitgehend verheilt sind und eine neue Form des Miteinander gefunden ist. Und unser Besuch sollte zeigen, dass wir unseren Teil dazu beitragen wollen.<\/p>\n<p>Die Feiern fanden in Form von jeweils feierlichen Kurzbesuchen an insgesamt sieben Zwischenstationen statt, wo kleinere Ehrenmale zum Gedenken der dort Gefallenen errichtet waren. An diesen Stellen wurde insbesondere der dort abgest\u00fcrzten Flugzeugbesatzungen der englischen Luftwaffe gedacht, Engl\u00e4nder, teilweise Australier und Kanadier. Die Zeremonien endeten stets mit den Nationalhymnen der Toten und abschlie\u00dfend der Marseillaise.<\/p>\n<p>In Lyons selbst fand am Abend die Abschlussfeier statt mit einer Ehrengarde von uniformierten Veteranen und der \u00f6rtlichen Feuerwehr, vielen Fahnen, sowie Reden der regionalen und \u00fcberregionalen Prominenz. Die Rede von Markus Kennerknecht fand nicht nur Beifall sondern auch gro\u00dfe Anerkennung.<img loading=\"lazy\" decoding=\"async\" class=\"alignright size-full wp-image-802\" src=\"http:\/\/dfvg.grafrath-staedtepartner.de\/wp-content\/uploads\/2024\/10\/2024.10-Feier-in-L.jpg\" alt=\"\" width=\"1061\" height=\"1346\" srcset=\"https:\/\/dfvg.grafrath-staedtepartner.de\/wp-content\/uploads\/2024\/10\/2024.10-Feier-in-L.jpg 1061w, https:\/\/dfvg.grafrath-staedtepartner.de\/wp-content\/uploads\/2024\/10\/2024.10-Feier-in-L-236x300.jpg 236w, https:\/\/dfvg.grafrath-staedtepartner.de\/wp-content\/uploads\/2024\/10\/2024.10-Feier-in-L-118x150.jpg 118w, https:\/\/dfvg.grafrath-staedtepartner.de\/wp-content\/uploads\/2024\/10\/2024.10-Feier-in-L-768x974.jpg 768w\" sizes=\"auto, (max-width: 1061px) 100vw, 1061px\" \/><\/p>\n<p>Es war richtig und wichtig, dass wir diese Einladung angenommen und dabei auch wieder einen kleinen Beitrag zur deutsch franz\u00f6sischen Freundschaft geleistet haben.<\/p>\n<p>Klaus Nerlich<\/p>\n","protected":false},"excerpt":{"rendered":"<p>Der B\u00fcrgermeister unserer Partnergemeinde Lyons la- Foret hat den B\u00fcrgermeister von Grafrath, sowie die beiden Vorsitzenden des Deutsch- Franz\u00f6sischen Vereins Grafrath, zu den Feierlichkeiten zum 80. Jahrestag der Befreiung eingeladen.Wir haben diese Einladung nach langem \u00dcberlegen gerne aber mit einem &hellip; <a href=\"https:\/\/dfvg.grafrath-staedtepartner.de\/?p=801\">Weiterlesen <span class=\"meta-nav\">&rarr;<\/span><\/a><\/p>\n","protected":false},"author":7,"featured_media":0,"comment_status":"closed","ping_status":"closed","sticky":false,"template":"","format":"standard","meta":{"_jetpack_memberships_contains_paid_content":false,"footnotes":""},"categories":[3],"tags":[],"class_list":["post-801","post","type-post","status-publish","format-standard","hentry","category-lyons"],"jetpack_featured_media_url":"","jetpack_sharing_enabled":true,"_links":{"self":[{"href":"https:\/\/dfvg.grafrath-staedtepartner.de\/index.php?rest_route=\/wp\/v2\/posts\/801","targetHints":{"allow":["GET"]}}],"collection":[{"href":"https:\/\/dfvg.grafrath-staedtepartner.de\/index.php?rest_route=\/wp\/v2\/posts"}],"about":[{"href":"https:\/\/dfvg.grafrath-staedtepartner.de\/index.php?rest_route=\/wp\/v2\/types\/post"}],"author":[{"embeddable":true,"href":"https:\/\/dfvg.grafrath-staedtepartner.de\/index.php?rest_route=\/wp\/v2\/users\/7"}],"replies":[{"embeddable":true,"href":"https:\/\/dfvg.grafrath-staedtepartner.de\/index.php?rest_route=%2Fwp%2Fv2%2Fcomments&post=801"}],"version-history":[{"count":1,"href":"https:\/\/dfvg.grafrath-staedtepartner.de\/index.php?rest_route=\/wp\/v2\/posts\/801\/revisions"}],"predecessor-version":[{"id":804,"href":"https:\/\/dfvg.grafrath-staedtepartner.de\/index.php?rest_route=\/wp\/v2\/posts\/801\/revisions\/804"}],"wp:attachment":[{"href":"https:\/\/dfvg.grafrath-staedtepartner.de\/index.php?rest_route=%2Fwp%2Fv2%2Fmedia&parent=801"}],"wp:term":[{"taxonomy":"category","embeddable":true,"href":"https:\/\/dfvg.grafrath-staedtepartner.de\/index.php?rest_route=%2Fwp%2Fv2%2Fcategories&post=801"},{"taxonomy":"post_tag","embeddable":true,"href":"https:\/\/dfvg.grafrath-staedtepartner.de\/index.php?rest_route=%2Fwp%2Fv2%2Ftags&post=801"}],"curies":[{"name":"wp","href":"https:\/\/api.w.org\/{rel}","templated":true}]}}